{"id":1813,"date":"2019-08-05T17:45:27","date_gmt":"2019-08-05T15:45:27","guid":{"rendered":"https:\/\/www.ayjadie.net\/wordpress\/?p=1813"},"modified":"2019-08-05T17:47:50","modified_gmt":"2019-08-05T15:47:50","slug":"aout-remer","status":"publish","type":"post","link":"https:\/\/www.ayjadie.net\/wordpress\/archives\/1813","title":{"rendered":"Ao\u00fbt-remer"},"content":{"rendered":"\n<div class=\"wp-block-media-text alignwide is-stacked-on-mobile\"><figure class=\"wp-block-media-text__media\"><img loading=\"lazy\" decoding=\"async\" width=\"600\" height=\"600\" src=\"https:\/\/www.ayjadie.net\/wordpress\/wp-content\/uploads\/2019\/08\/1-1.jpg\" alt=\"\" class=\"wp-image-1807\" srcset=\"https:\/\/www.ayjadie.net\/wordpress\/wp-content\/uploads\/2019\/08\/1-1.jpg 600w, https:\/\/www.ayjadie.net\/wordpress\/wp-content\/uploads\/2019\/08\/1-1-150x150.jpg 150w, https:\/\/www.ayjadie.net\/wordpress\/wp-content\/uploads\/2019\/08\/1-1-300x300.jpg 300w\" sizes=\"(max-width: 600px) 100vw, 600px\" \/><\/figure><div class=\"wp-block-media-text__content\">\n<p>Cette ann\u00e9e, comme pour le blog, je suis moins investie dans mon journal.<br><br>Je me demande parfois si \u00e7a vient de la nouvelle forme que je lui ai choisi pour essayer, d&rsquo;une lassitude passag\u00e8re ou bien des al\u00e9as de la vie en g\u00e9n\u00e9ral.<\/p>\n<\/div><\/div>\n\n\n\n<div class=\"wp-block-media-text alignwide has-media-on-the-right is-stacked-on-mobile\"><figure class=\"wp-block-media-text__media\"><img loading=\"lazy\" decoding=\"async\" width=\"600\" height=\"600\" src=\"https:\/\/www.ayjadie.net\/wordpress\/wp-content\/uploads\/2019\/08\/2-1.jpg\" alt=\"\" class=\"wp-image-1808\" srcset=\"https:\/\/www.ayjadie.net\/wordpress\/wp-content\/uploads\/2019\/08\/2-1.jpg 600w, https:\/\/www.ayjadie.net\/wordpress\/wp-content\/uploads\/2019\/08\/2-1-150x150.jpg 150w, https:\/\/www.ayjadie.net\/wordpress\/wp-content\/uploads\/2019\/08\/2-1-300x300.jpg 300w\" sizes=\"(max-width: 600px) 100vw, 600px\" \/><\/figure><div class=\"wp-block-media-text__content\">\n<p>Cette ann\u00e9e donc, le journal est un cousin \u00e9loign\u00e9 et artisanal de ce que j&rsquo;appelle les \u00ab\u00a0traveler&rsquo;s notebook\u00a0\u00bb.<br><br>Une \u00ab\u00a0pochette\u00a0\u00bb qui regroupe des carnets que je peux ajouter\/retirer simplement en les passant dans un \u00e9lastique central.<\/p>\n<\/div><\/div>\n\n\n\n<p>L&rsquo;id\u00e9e \u00e9tant de pouvoir varier les carnets int\u00e9rieurs entre du papier adapt\u00e9 soit plus au dessin, soit plus \u00e0 l&rsquo;\u00e9criture. D&rsquo;en transporter plus ou moins \u00e0 la fois, voire, en conservant ce syst\u00e8me plus d&rsquo;un an, de ne pas subir de rupture brusque entre le mois de d\u00e9cembre et celui de janvier.<\/p>\n\n\n\n<div class=\"wp-block-media-text alignwide is-stacked-on-mobile\"><figure class=\"wp-block-media-text__media\"><img loading=\"lazy\" decoding=\"async\" width=\"600\" height=\"600\" src=\"https:\/\/www.ayjadie.net\/wordpress\/wp-content\/uploads\/2019\/08\/3-1.jpg\" alt=\"\" class=\"wp-image-1809\" srcset=\"https:\/\/www.ayjadie.net\/wordpress\/wp-content\/uploads\/2019\/08\/3-1.jpg 600w, https:\/\/www.ayjadie.net\/wordpress\/wp-content\/uploads\/2019\/08\/3-1-150x150.jpg 150w, https:\/\/www.ayjadie.net\/wordpress\/wp-content\/uploads\/2019\/08\/3-1-300x300.jpg 300w\" sizes=\"(max-width: 600px) 100vw, 600px\" \/><\/figure><div class=\"wp-block-media-text__content\">\n<p>Ce syst\u00e8me ne change pas tant que \u00e7a mes habitudes et j&rsquo;utilise la m\u00eame organisation mensuelle dans chaque carnet, par exemple.<br><br>Une page de couverture qui permet de rep\u00e9rer facilement chaque mois, un calendrier mensuel pour planifier et des pages de journal ensuite.<\/p>\n<\/div><\/div>\n\n\n\n<p>Mon recours massif au collage a peut-\u00eatre \u00e0 voir avec le fait que j&rsquo;y passe moins de temps en g\u00e9n\u00e9ral mais j&rsquo;y dessine d\u00e9finitivement moins.<br>Cela fait quelques mois que j&rsquo;utilise plus mes carnets de croquis d\u00e9di\u00e9s ou m\u00eame des feuilles de papier ind\u00e9pendantes.<\/p>\n\n\n\n<ul class=\"wp-block-gallery columns-2 is-cropped wp-block-gallery-1 is-layout-flex wp-block-gallery-is-layout-flex\"><li class=\"blocks-gallery-item\"><figure><img loading=\"lazy\" decoding=\"async\" width=\"600\" height=\"600\" src=\"https:\/\/www.ayjadie.net\/wordpress\/wp-content\/uploads\/2019\/08\/4-1.jpg\" alt=\"\" data-id=\"1810\" data-link=\"https:\/\/www.ayjadie.net\/wordpress\/4-3\" class=\"wp-image-1810\" srcset=\"https:\/\/www.ayjadie.net\/wordpress\/wp-content\/uploads\/2019\/08\/4-1.jpg 600w, https:\/\/www.ayjadie.net\/wordpress\/wp-content\/uploads\/2019\/08\/4-1-150x150.jpg 150w, https:\/\/www.ayjadie.net\/wordpress\/wp-content\/uploads\/2019\/08\/4-1-300x300.jpg 300w\" sizes=\"(max-width: 600px) 100vw, 600px\" \/><\/figure><\/li><li class=\"blocks-gallery-item\"><figure><img loading=\"lazy\" decoding=\"async\" width=\"600\" height=\"600\" src=\"https:\/\/www.ayjadie.net\/wordpress\/wp-content\/uploads\/2019\/08\/5.jpg\" alt=\"\" data-id=\"1811\" data-link=\"https:\/\/www.ayjadie.net\/wordpress\/5-2\" class=\"wp-image-1811\" srcset=\"https:\/\/www.ayjadie.net\/wordpress\/wp-content\/uploads\/2019\/08\/5.jpg 600w, https:\/\/www.ayjadie.net\/wordpress\/wp-content\/uploads\/2019\/08\/5-150x150.jpg 150w, https:\/\/www.ayjadie.net\/wordpress\/wp-content\/uploads\/2019\/08\/5-300x300.jpg 300w\" sizes=\"(max-width: 600px) 100vw, 600px\" \/><\/figure><\/li><\/ul>\n\n\n\n<p>La perp\u00e9tuelle \u00e9volution de mes envies et de mes besoins dans le domaine est parfois un peu fatigante mais je commence \u00e0 penser qu&rsquo;elle est in\u00e9vitable&#8230; Et si je regrette le fantasme d&rsquo;un syst\u00e8me \u00e9prouv\u00e9 et rassurant, la fra\u00eecheur du changement est aussi agr\u00e9able !<\/p>\n","protected":false},"excerpt":{"rendered":"<p>Cette ann\u00e9e, comme pour le blog, je suis moins investie dans mon journal. Je me demande parfois si \u00e7a vient de la nouvelle forme que je lui ai choisi pour essayer, d&rsquo;une lassitude passag\u00e8re ou bien des al\u00e9as de la vie en g\u00e9n\u00e9ral. Cette ann\u00e9e donc, le journal est un cousin \u00e9loign\u00e9 et artisanal de&hellip; <a class=\"more-link\" href=\"https:\/\/www.ayjadie.net\/wordpress\/archives\/1813\">Poursuivre la lecture <span class=\"screen-reader-text\">Ao\u00fbt-remer<\/span><\/a><\/p>\n","protected":false},"author":1,"featured_media":0,"comment_status":"closed","ping_status":"closed","sticky":false,"template":"","format":"image","meta":{"footnotes":""},"categories":[57],"tags":[82],"_links":{"self":[{"href":"https:\/\/www.ayjadie.net\/wordpress\/wp-json\/wp\/v2\/posts\/1813"}],"collection":[{"href":"https:\/\/www.ayjadie.net\/wordpress\/wp-json\/wp\/v2\/posts"}],"about":[{"href":"https:\/\/www.ayjadie.net\/wordpress\/wp-json\/wp\/v2\/types\/post"}],"author":[{"embeddable":true,"href":"https:\/\/www.ayjadie.net\/wordpress\/wp-json\/wp\/v2\/users\/1"}],"replies":[{"embeddable":true,"href":"https:\/\/www.ayjadie.net\/wordpress\/wp-json\/wp\/v2\/comments?post=1813"}],"version-history":[{"count":3,"href":"https:\/\/www.ayjadie.net\/wordpress\/wp-json\/wp\/v2\/posts\/1813\/revisions"}],"predecessor-version":[{"id":1819,"href":"https:\/\/www.ayjadie.net\/wordpress\/wp-json\/wp\/v2\/posts\/1813\/revisions\/1819"}],"wp:attachment":[{"href":"https:\/\/www.ayjadie.net\/wordpress\/wp-json\/wp\/v2\/media?parent=1813"}],"wp:term":[{"taxonomy":"category","embeddable":true,"href":"https:\/\/www.ayjadie.net\/wordpress\/wp-json\/wp\/v2\/categories?post=1813"},{"taxonomy":"post_tag","embeddable":true,"href":"https:\/\/www.ayjadie.net\/wordpress\/wp-json\/wp\/v2\/tags?post=1813"}],"curies":[{"name":"wp","href":"https:\/\/api.w.org\/{rel}","templated":true}]}}